{"id":15626,"date":"2025-02-05T12:59:22","date_gmt":"2025-02-05T11:59:22","guid":{"rendered":"https:\/?p=15626"},"modified":"2025-02-05T12:59:24","modified_gmt":"2025-02-05T11:59:24","slug":"rezidence-central-park-praha","status":"publish","type":"post","link":"https:\/\/smartflatfinder.com\/uk\/rezidence-central-park-praha\/","title":{"rendered":"Rezidence Central Park Praha"},"content":{"rendered":"<p>N\u00e1\u0161e spole\u010dnost nab\u00edz\u00ed ke koupi a k pron\u00e1jmu atraktivn\u00ed nov\u00e9 byty s dispozicemi od 1+kk do 6+kk a domy v bytov\u00e9m komplexu Central Park Praha.<\/p>\n<p>Hodn\u011b diskutovan\u00fd projekt je uk\u00e1zkou bydlen\u00ed nov\u00e9 generace. Komplex se st\u00e1v\u00e1 z deseti prosklen\u00fdch v\u00fd\u0161kov\u00fdch budov uspo\u0159\u00e1dan\u00fdch do tvaru podkovy propojen\u00fdch trojpodla\u017en\u00edmi terasovit\u00fdmi \u0159adovkami. \u00a0Klient\u016fm je nab\u00edzen \u0161irok\u00fd v\u00fdb\u011br \u00a0byt\u016f, mezonet\u016f a penthous\u016f ve v\u011b\u017e\u00edch, taky modern\u00edch terasov\u00fdch dom\u016f. Ka\u017ed\u00e1 p\u0159edstaven\u00e1 varianta je luxusn\u00ed a je opat\u0159ena terasou nebo p\u0159edzahr\u00e1dkou, k tomu n\u00e1le\u017e\u00ed i parkovac\u00ed st\u00e1n\u00ed.<\/p>\n<p><strong>\u041c\u0456\u0441\u0446\u0435\u0437\u043d\u0430\u0445\u043e\u0434\u0436\u0435\u043d\u043d\u044f<\/strong><\/p>\n<p>Central Park l\u00e1k\u00e1 z\u00e1jemci nejenom sv\u00fdm nadstandardn\u011b kvalitn\u00edm proveden\u00edm, ale i svou lokalitou. Nach\u00e1zej\u00edc\u00ed na \u017di\u017ekov\u011b, bl\u00edzko centru m\u011bsta, m\u00e1 v\u00fdbornou dopravn\u00ed dostupnost jak osobn\u00edm autem, tak pomoc\u00ed MHD \u2013 zast\u00e1vka N\u00e1kladov\u00e9 n\u00e1dra\u017e\u00ed \u017di\u017ekov 150 m od domu.<\/p>\n<p><strong>Ob\u010dansk\u00e1 vybavenost<\/strong><\/p>\n<p>V okol\u00ed je kompletn\u00ed ob\u010dansk\u00e1 vybavenost:<\/p>\n<p>&#8211; Restaurace<br \/>&#8211; mate\u0159sk\u00e9 \u0161koly,<br \/>&#8211; \u0161koly,<br \/>&#8211; divadla,<br \/>&#8211; kina,<br \/>&#8211; kluby,<br \/>&#8211; po\u0161ta,<br \/>&#8211; poliklinika,<br \/>&#8211; sportovn\u00ed centrum<br \/>&#8211; Pal\u00e1c Fl\u00f3ra<br \/>pro obyvatele Central Parku se zde nach\u00e1z\u00ed prostorn\u00fd soukrom\u00fd park o velikosti 15 000 metr\u016f \u010dtvere\u010dn\u00fdch, kde se nach\u00e1z\u00ed i restaurace. Vlastn\u00ed park bl\u00edzko soused\u00ed s jedn\u00edm z nejv\u011bt\u0161\u00edch pra\u017esk\u00fdch park\u016f \u2013 Paruk\u00e1\u0159kou.<br \/><strong>Bezpe\u010dnost<\/strong><\/p>\n<p>Ve\u0161ker\u00e9 vstupy do objekt\u016f komplexu, gar\u00e1\u017e\u00ed i vnit\u0159n\u00edho parku jsou na bezpe\u010dnostn\u00ed \u010dipy.<\/p>\n<p><strong>Ocen\u011bn\u00ed<\/strong><\/p>\n<p>V roce 2010 architekti, kter\u00e9 stavily Central Park Praha z\u00edskaly N\u00e1rodn\u00ed cenu za architekturu v kategorii Novostavba.<\/p>\n<p>Central Park je jedine\u010dn\u00e1 mo\u017enost luxusn\u00edho bydlen\u00ed v \u0161ir\u0161\u00edm centru Prahy.<\/p>","protected":false},"excerpt":{"rendered":"<p>N\u00e1\u0161e spole\u010dnost nab\u00edz\u00ed ke koupi a k pron\u00e1jmu atraktivn\u00ed nov\u00e9 byty s dispozicemi od 1+kk do 6+kk a domy v bytov\u00e9m komplexu Central Park Praha. Hodn\u011b diskutovan\u00fd projekt je uk\u00e1zkou bydlen\u00ed nov\u00e9 generace. Komplex se st\u00e1v\u00e1 z deseti prosklen\u00fdch v\u00fd\u0161kov\u00fdch budov uspo\u0159\u00e1dan\u00fdch do tvaru podkovy propojen\u00fdch trojpodla\u017en\u00edmi terasovit\u00fdmi \u0159adovkami. \u00a0Klient\u016fm je nab\u00edzen \u0161irok\u00fd v\u00fdb\u011br \u00a0byt\u016f, [&hellip;]<\/p>","protected":false},"author":4,"featured_media":15627,"comment_status":"open","ping_status":"open","sticky":false,"template":"","format":"standard","meta":{"footnotes":""},"categories":[1],"tags":[],"class_list":["post-15626","post","type-post","status-publish","format-standard","has-post-thumbnail","hentry","category-reviews-of-areas"],"_links":{"self":[{"href":"https:\/\/smartflatfinder.com\/uk\/wp-json\/wp\/v2\/posts\/15626","targetHints":{"allow":["GET"]}}],"collection":[{"href":"https:\/\/smartflatfinder.com\/uk\/wp-json\/wp\/v2\/posts"}],"about":[{"href":"https:\/\/smartflatfinder.com\/uk\/wp-json\/wp\/v2\/types\/post"}],"author":[{"embeddable":true,"href":"https:\/\/smartflatfinder.com\/uk\/wp-json\/wp\/v2\/users\/4"}],"replies":[{"embeddable":true,"href":"https:\/\/smartflatfinder.com\/uk\/wp-json\/wp\/v2\/comments?post=15626"}],"version-history":[{"count":0,"href":"https:\/\/smartflatfinder.com\/uk\/wp-json\/wp\/v2\/posts\/15626\/revisions"}],"wp:featuredmedia":[{"embeddable":true,"href":"https:\/\/smartflatfinder.com\/uk\/wp-json\/wp\/v2\/media\/15627"}],"wp:attachment":[{"href":"https:\/\/smartflatfinder.com\/uk\/wp-json\/wp\/v2\/media?parent=15626"}],"wp:term":[{"taxonomy":"category","embeddable":true,"href":"https:\/\/smartflatfinder.com\/uk\/wp-json\/wp\/v2\/categories?post=15626"},{"taxonomy":"post_tag","embeddable":true,"href":"https:\/\/smartflatfinder.com\/uk\/wp-json\/wp\/v2\/tags?post=15626"}],"curies":[{"name":"wp","href":"https:\/\/api.w.org\/{rel}","templated":true}]}}