{"id":15629,"date":"2025-02-05T17:35:58","date_gmt":"2025-02-05T16:35:58","guid":{"rendered":"https:\/?p=15629"},"modified":"2025-02-05T17:36:01","modified_gmt":"2025-02-05T16:36:01","slug":"vzdelavaci-system-v-cr","status":"publish","type":"post","link":"https:\/\/smartflatfinder.com\/ru\/vzdelavaci-system-v-cr\/","title":{"rendered":"Vzd\u011bl\u00e1vac\u00ed syst\u00e9m v \u010cR"},"content":{"rendered":"<p>Vzd\u011bl\u00e1vac\u00ed syst\u00e9m v \u010cesk\u00e9 republice<br \/>Jako st\u011bhovac\u00ed firma dnes chceme diskutovat o vzd\u011bl\u00e1vac\u00edm syst\u00e9mu v \u010cesk\u00e9 republice. Pod\u011bl\u00edme se o jeho kl\u00ed\u010dov\u00e9 vlastnosti a praktick\u00e9 aspekty, kter\u00e9 jsou zvl\u00e1\u0161t\u011b d\u016fle\u017eit\u00e9 pro na\u0161e klienty. Toto t\u00e9ma je d\u016fle\u017eit\u00e9 pro mnoho na\u0161ich klient\u016f, kte\u0159\u00ed se pl\u00e1nuj\u00ed p\u0159est\u011bhovat nebo zde ji\u017e bydl\u00ed.<br \/>Trv\u00e1n\u00ed a struktura<br \/>Povinn\u00e1 \u0161koln\u00ed doch\u00e1zka v \u010cesk\u00e9 republice trv\u00e1 10 let a prob\u00edh\u00e1 v \u010desk\u00e9m jazyce. Pln\u00e9 \u0161koln\u00ed vzd\u011bl\u00e1n\u00ed trv\u00e1 13 let.<br \/>\u2022 Vzd\u011bl\u00e1v\u00e1n\u00ed ve ve\u0159ejn\u00fdch \u0161kol\u00e1ch je bezplatn\u00e9. Soukrom\u00e9 \u0161koly \u00fa\u010dtuj\u00ed \u0161koln\u00e9.<br \/>\u2022 Akademick\u00fd rok za\u010d\u00edn\u00e1 1. z\u00e1\u0159\u00ed a kon\u010d\u00ed 31. srpna n\u00e1sleduj\u00edc\u00edho roku. Je rozd\u011blena do dvou semestr\u016f, p\u0159i\u010dem\u017e druh\u00fd semestr za\u010d\u00edn\u00e1 v \u00fanoru. V\u00fduka prob\u00edh\u00e1 od pond\u011bl\u00ed do p\u00e1tku.<br \/>\u2022 Sv\u00e1tky:<br \/>o L\u00e9to: 2 m\u011bs\u00edce (\u010dervenec a srpen)<br \/>o Podzim: 2 dny<br \/>o V\u00e1noce: a\u017e 14 dn\u00ed<br \/>o Pololet\u00ed: 1 den<br \/>o Jaro: 1 t\u00fdden<br \/>o Velikonoce: 1 den<br \/>P\u0159ed\u0161koln\u00ed vzd\u011bl\u00e1v\u00e1n\u00ed<br \/>\u2022 Jesle: K dispozici pro d\u011bti od 6 m\u011bs\u00edc\u016f.<br \/>\u2022 Mate\u0159sk\u00e1 \u0161kola: Ur\u010deno pro d\u011bti ve v\u011bku od 2 do 6 let.<br \/>Pozn\u00e1mka: Vzd\u011bl\u00e1v\u00e1n\u00ed pro d\u011bti star\u0161\u00ed 5 let v posledn\u00edm roce p\u0159ed vstupem do z\u00e1kladn\u00ed \u0161koly je ve ve\u0159ejn\u00fdch instituc\u00edch povinn\u00e9 a bezplatn\u00e9. Toto vzd\u011bl\u00e1v\u00e1n\u00ed lze za ur\u010dit\u00fdch podm\u00ednek absolvovat v mate\u0159sk\u00e9 \u0161kole, p\u0159\u00edpravn\u00fdch t\u0159\u00edd\u00e1ch nebo formou dom\u00e1c\u00edho vzd\u011bl\u00e1v\u00e1n\u00ed. P\u0159\u00edpravn\u00e9 t\u0159\u00eddy pom\u00e1haj\u00ed d\u011btem rozv\u00edjet kognitivn\u00ed dovednosti, posilovat soci\u00e1ln\u00ed schopnosti a budovat z\u00e1klady pro \u00fasp\u011b\u0161n\u00e9 u\u010den\u00ed na z\u00e1kladn\u00ed \u0161kole. Tyto t\u0159\u00eddy jsou organizov\u00e1ny na z\u00e1kladn\u00edch \u0161kol\u00e1ch, ale v\u011bt\u0161ina d\u011bt\u00ed s odkladem \u0161koln\u00ed doch\u00e1zky z\u016fst\u00e1v\u00e1 v mate\u0159sk\u00fdch \u0161kol\u00e1ch.<br \/>Z\u00e1kladn\u00ed vzd\u011bl\u00e1v\u00e1n\u00ed (Prim\u00e1rn\u00ed vzd\u011bl\u00e1v\u00e1n\u00ed)<br \/>Od 6\u20137 do 15 let d\u011bti nav\u0161t\u011bvuj\u00ed z\u00e1kladn\u00ed \u0161kolu, kter\u00e1 je povinnou sou\u010d\u00e1st\u00ed syst\u00e9mu. Tato etapa kombinuje prim\u00e1rn\u00ed a ni\u017e\u0161\u00ed sekund\u00e1rn\u00ed vzd\u011bl\u00e1v\u00e1n\u00ed.<br \/>Pozn\u00e1mka: \u0160koln\u00ed p\u0159ipravenost hraje kl\u00ed\u010dovou roli v \u00fasp\u011b\u0161n\u00e9 adaptaci d\u00edt\u011bte na nov\u00e9 po\u017eadavky. Posuzuj\u00ed ji odborn\u00edci na z\u00e1klad\u011b fyzick\u00e9ho rozvoje (nap\u0159. jemn\u00e9 a hrub\u00e9 motoriky), intelektu\u00e1ln\u00ed p\u0159ipravenosti (logick\u00e9 my\u0161len\u00ed a koncentrace), emo\u010dn\u00ed zralosti (emocion\u00e1ln\u00ed regulace) a soci\u00e1ln\u00edch dovednost\u00ed (interakce s u\u010diteli a vrstevn\u00edky). P\u0159ipravenost hodnot\u00ed pedagogov\u00e9, psychologov\u00e9 a l\u00e9ka\u0159i, proto\u017ee tyto aspekty jsou \u00fazce propojeny.<br \/>Sekund\u00e1rn\u00ed vzd\u011bl\u00e1v\u00e1n\u00ed<br \/>Po ukon\u010den\u00ed z\u00e1kladn\u00ed \u0161koly (15 let) mohou \u017e\u00e1ci absolvovat n\u011bkterou z n\u00e1sleduj\u00edc\u00edch forem vzd\u011bl\u00e1v\u00e1n\u00ed:<br \/>\u2022 St\u0159edn\u00ed v\u0161eobecn\u00e9 vzd\u011bl\u00e1n\u00ed: Trv\u00e1 1\u20132 roky.<br \/>\u2022 St\u0159edn\u00ed odborn\u00e9 vzd\u011bl\u00e1n\u00ed (St\u0159edn\u00ed vzd\u011bl\u00e1n\u00ed s v\u00fdu\u010dn\u00edm listem): Na st\u0159edn\u00edch odborn\u00fdch u\u010dili\u0161t\u00edch trv\u00e1 2\u20133 roky.<br \/>\u2022 St\u0159edn\u00ed vzd\u011bl\u00e1n\u00ed s maturitou: 4 roky, poskytuje se na gymn\u00e1zi\u00edch (Gymn\u00e1zium) nebo st\u0159edn\u00edch odborn\u00fdch \u0161kol\u00e1ch (St\u0159edn\u00ed odborn\u00e1 \u0161kola, SO\u0160).<br \/>Pozn\u00e1mka: P\u0159ij\u00edmac\u00ed \u0159\u00edzen\u00ed na gymn\u00e1zia je vysoce konkuren\u010dn\u00ed, hl\u00e1s\u00ed se studenti z cel\u00e9 \u010cR i jin\u00fdch zem\u00ed. P\u0159ij\u00edmac\u00ed zkou\u0161ky vy\u017eaduj\u00ed d\u016fkladnou p\u0159\u00edpravu.<br \/>Terci\u00e1rn\u00ed vzd\u011bl\u00e1v\u00e1n\u00ed<br \/>\u010cesk\u00e1 republika je zn\u00e1m\u00e1 sv\u00fdmi univerzitami s bohatou tradic\u00ed. Nap\u0159\u00edklad:<br \/>\u2022 Univerzita Karlova (zalo\u017eena v roce 1348): Nejstar\u0161\u00ed univerzita ve st\u0159edn\u00ed Evrop\u011b.<br \/>\u2022 \u010cesk\u00e9 vysok\u00e9 u\u010den\u00ed technick\u00e9 (zalo\u017eeno v roce 1707): Nejstar\u0161\u00ed technick\u00e1 univerzita ve st\u0159edn\u00ed Evrop\u011b a nejstar\u0161\u00ed stavebn\u011b technick\u00fd \u00fastav na sv\u011bt\u011b.<br \/>V sou\u010dasn\u00e9 dob\u011b m\u00e1 \u010cesk\u00e1 republika:<br \/>\u2022 26 ve\u0159ejn\u00fdch vysok\u00fdch \u0161kol<br \/>\u2022 2 st\u00e1tn\u00ed univerzity (Policejn\u00ed akademie a Akademie Ministerstva obrany)<br \/>\u2022 48 soukrom\u00fdch instituc\u00ed<br \/>Vlastnosti:<br \/>\u2022 Vzd\u011bl\u00e1v\u00e1n\u00ed na ve\u0159ejn\u00fdch vysok\u00fdch \u0161kol\u00e1ch je bezplatn\u00e9, pokud je vedeno v \u010de\u0161tin\u011b. Za administrativn\u00ed slu\u017eby, studijn\u00ed materi\u00e1ly nebo p\u0159ij\u00edmac\u00ed zkou\u0161ky v\u0161ak mohou b\u00fdt \u00fa\u010dtov\u00e1ny dal\u0161\u00ed poplatky. Studenti tak\u00e9 hrad\u00ed n\u00e1klady na ubytov\u00e1n\u00ed a stravov\u00e1n\u00ed. St\u00e1tem dotovan\u00e9 koleje a bufety tyto v\u00fddaje sni\u017euj\u00ed.<br \/>\u2022 P\u0159ij\u00edmat se mohou absolventi gymn\u00e1zi\u00ed a odborn\u00fdch st\u0159edn\u00edch \u0161kol, kte\u0159\u00ed slo\u017eili z\u00e1v\u011bre\u010dn\u00e9 maturitn\u00ed zkou\u0161ky.<br \/>T\u00fdm Smart Relo v\u00e1m pom\u016f\u017ee vybrat tu spr\u00e1vnou vzd\u011bl\u00e1vac\u00ed instituci. D\u016fv\u011b\u0159ujte na\u0161im profesion\u00e1l\u016fm, \u017ee va\u0161e st\u011bhov\u00e1n\u00ed bude hladk\u00e9 a pohodln\u00e9.<\/p>","protected":false},"excerpt":{"rendered":"<p>Vzd\u011bl\u00e1vac\u00ed syst\u00e9m v \u010cesk\u00e9 republiceJako st\u011bhovac\u00ed firma dnes chceme diskutovat o vzd\u011bl\u00e1vac\u00edm syst\u00e9mu v \u010cesk\u00e9 republice. Pod\u011bl\u00edme se o jeho kl\u00ed\u010dov\u00e9 vlastnosti a praktick\u00e9 aspekty, kter\u00e9 jsou zvl\u00e1\u0161t\u011b d\u016fle\u017eit\u00e9 pro na\u0161e klienty. Toto t\u00e9ma je d\u016fle\u017eit\u00e9 pro mnoho na\u0161ich klient\u016f, kte\u0159\u00ed se pl\u00e1nuj\u00ed p\u0159est\u011bhovat nebo zde ji\u017e bydl\u00ed.Trv\u00e1n\u00ed a strukturaPovinn\u00e1 \u0161koln\u00ed doch\u00e1zka v \u010cesk\u00e9 republice [&hellip;]<\/p>","protected":false},"author":4,"featured_media":15630,"comment_status":"open","ping_status":"open","sticky":false,"template":"","format":"standard","meta":{"footnotes":""},"categories":[271],"tags":[],"class_list":["post-15629","post","type-post","status-publish","format-standard","has-post-thumbnail","hentry","category-life-in-prague"],"_links":{"self":[{"href":"https:\/\/smartflatfinder.com\/ru\/wp-json\/wp\/v2\/posts\/15629","targetHints":{"allow":["GET"]}}],"collection":[{"href":"https:\/\/smartflatfinder.com\/ru\/wp-json\/wp\/v2\/posts"}],"about":[{"href":"https:\/\/smartflatfinder.com\/ru\/wp-json\/wp\/v2\/types\/post"}],"author":[{"embeddable":true,"href":"https:\/\/smartflatfinder.com\/ru\/wp-json\/wp\/v2\/users\/4"}],"replies":[{"embeddable":true,"href":"https:\/\/smartflatfinder.com\/ru\/wp-json\/wp\/v2\/comments?post=15629"}],"version-history":[{"count":0,"href":"https:\/\/smartflatfinder.com\/ru\/wp-json\/wp\/v2\/posts\/15629\/revisions"}],"wp:featuredmedia":[{"embeddable":true,"href":"https:\/\/smartflatfinder.com\/ru\/wp-json\/wp\/v2\/media\/15630"}],"wp:attachment":[{"href":"https:\/\/smartflatfinder.com\/ru\/wp-json\/wp\/v2\/media?parent=15629"}],"wp:term":[{"taxonomy":"category","embeddable":true,"href":"https:\/\/smartflatfinder.com\/ru\/wp-json\/wp\/v2\/categories?post=15629"},{"taxonomy":"post_tag","embeddable":true,"href":"https:\/\/smartflatfinder.com\/ru\/wp-json\/wp\/v2\/tags?post=15629"}],"curies":[{"name":"wp","href":"https:\/\/api.w.org\/{rel}","templated":true}]}}